{"id":2256,"date":"2021-07-02T19:50:39","date_gmt":"2021-07-02T22:50:39","guid":{"rendered":"http:\/\/www.futrasafode.org\/inicio\/?p=2256"},"modified":"2021-07-02T20:35:31","modified_gmt":"2021-07-02T23:35:31","slug":"graduado-programa-universitario","status":"publish","type":"post","link":"https:\/\/www.futrasafode.org\/inicio\/2021\/07\/02\/graduado-programa-universitario\/","title":{"rendered":"Celebramos al primer graduado del Programa Universitario FUTRASAFODE-UNSAdA"},"content":{"rendered":"<p>[av_heading tag=&#8217;h1&#8242; padding=&#8217;10&#8217; heading=&#8217;Celebramos al primer graduado del Programa Universitario FUTRASAFODE-UNSAdA&#8217; color=&#8221; style=&#8221; custom_font=&#8221; size=&#8221; subheading_active=&#8221; subheading_size=&#8217;15&#8217; custom_class=&#8221; admin_preview_bg=&#8221;][\/av_heading]<\/p>\n<p>[av_hr class=&#8217;invisible&#8217; height=&#8217;50&#8217; shadow=&#8217;no-shadow&#8217; position=&#8217;center&#8217; custom_border=&#8217;av-border-thin&#8217; custom_width=&#8217;50px&#8217; custom_border_color=&#8221; custom_margin_top=&#8217;30px&#8217; custom_margin_bottom=&#8217;30px&#8217; icon_select=&#8217;yes&#8217; custom_icon_color=&#8221; icon=&#8217;ue808&#8242; font=&#8217;entypo-fontello&#8217; admin_preview_bg=&#8221;]<\/p>\n<p>[av_image src=&#8217;https:\/\/www.futrasafode.org\/wp-content\/uploads\/2021\/07\/Primer-Licenciado.jpg&#8217; attachment=&#8217;2257&#8242; attachment_size=&#8217;full&#8217; align=&#8217;center&#8217; styling=&#8221; hover=&#8217;av-hover-grow&#8217; link=&#8221; target=&#8221; caption=&#8221; font_size=&#8221; appearance=&#8221; overlay_opacity=&#8217;0.4&#8242; overlay_color=&#8217;#000000&#8242; overlay_text_color=&#8217;#ffffff&#8217; animation=&#8217;no-animation&#8217; admin_preview_bg=&#8221;][\/av_image]<\/p>\n<p>[av_one_full first min_height=&#8221; vertical_alignment=&#8221; space=&#8221; custom_margin=&#8221; margin=&#8217;0px&#8217; padding=&#8217;0px&#8217; border=&#8221; border_color=&#8221; radius=&#8217;0px&#8217; background_color=&#8221; src=&#8221; background_position=&#8217;top left&#8217; background_repeat=&#8217;no-repeat&#8217; animation=&#8221; mobile_display=&#8221;]<\/p>\n<p>[av_hr class=&#8217;invisible&#8217; height=&#8217;50&#8217; shadow=&#8217;no-shadow&#8217; position=&#8217;center&#8217; custom_border=&#8217;av-border-thin&#8217; custom_width=&#8217;50px&#8217; custom_border_color=&#8221; custom_margin_top=&#8217;30px&#8217; custom_margin_bottom=&#8217;30px&#8217; icon_select=&#8217;yes&#8217; custom_icon_color=&#8221; icon=&#8217;ue808&#8242; font=&#8217;entypo-fontello&#8217; admin_preview_bg=&#8221;]<\/p>\n<p>[av_textblock size=&#8217;20&#8217; font_color=&#8221; color=&#8221; admin_preview_bg=&#8221;]<\/p>\n<div style=\"text-align: justify;\">\n<p style=\"text-align: justify;\"><em>Se trata de Mart\u00edn Fanjul Ortet, alumno del Ciclo de Complementaci\u00f3n <\/em><em>Curricular de la Licenciatura en Administraci\u00f3n y quien realizara esta <\/em><em>tarde la Defensa Oral de su Trabajo Final de Grado. &#8220;Este hecho nos llena <\/em><em>de orgullo&#8221;, manifest\u00f3 el Presidente de FUTRASAFODE, Jos\u00e9 Luis Lingeri, al poner en palabras el sentir de <\/em><em>todos y todas. <\/em><\/p>\n<hr \/>\n<p>El Programa Universitario se inici\u00f3 en 2018 con el Convenio celebrado entre la Fundaci\u00f3n de los Trabajadores Sanitaristas para la Formaci\u00f3n y el Desarrollo y la Universidad Nacional de San Antonio de Areco, a fin de presentar una oferta acad\u00e9mica de Ciclos de Complementaci\u00f3n Curricular para trabajadores y trabajadoras egresados de una Tecnicatura Superior.<\/p>\n<p>En ese marco, Mart\u00edn ingres\u00f3 al Programa Universitario en Marzo de 2019, logrando la finalizaci\u00f3n de cursada y aprobaci\u00f3n de todas las materias del Plan de Estudios en Diciembre de 2020.<\/p>\n<p>Su Trabajo Final de Grado se desarroll\u00f3 sobre el <em>\u201cDise\u00f1o de un plan de negocio de una Start-Up tecnol\u00f3gica\u201d<\/em>, bajo la tutor\u00eda del Lic. Dar\u00edo Federman, y present\u00f3 las alternativas de negocio de empresas de base digital en nuestro pa\u00eds y el crecimiento e inserci\u00f3n del sector a nivel regional y global, construyendo oportunidades desde las diferentes problem\u00e1ticas analizadas.<\/p>\n<p>La Defensa Oral se realiz\u00f3 esta tarde ante el Tribunal Evaluador integrado por el Director del Programa Universitario, Prof. Luis Liberman, la Vice-Rectora de la Universidad Nacional de San Antonio de Areco, Mg. Silvina Sansarricq, y el docente del CCC de la Licenciatura en Administraci\u00f3n, Lic. Diego Dapena.<\/p>\n<p>Al iniciar la instancia, Luis Liberman agradeci\u00f3 a los miembros del Tribunal y autoridades institucionales y traz\u00f3 la l\u00ednea de crecimiento institucional sostenida desde 2018. <strong>&#8220;Es la primera vez de muchas veces&#8221;<\/strong>, asegur\u00f3 el Director del Programa Universitario antes de dar inicio a la presentaci\u00f3n de la Defensa Oral, al tiempo que elogi\u00f3 &#8220;la vocaci\u00f3n de construcci\u00f3n conjunta y el acompa\u00f1amiento&#8221; de la UNSAdA.<\/p>\n<p>Desde su rol como Vice-Rectora de la UNSAdA, Silvina Sansarricq expres\u00f3 el sentimiento compartido con el Rector de esa Universidad: &#8220;estamos muy orgullosos del camino recorrido&#8221;. &#8220;Celebro el trabajo que hemos emprendido hace tantos a\u00f1os ya&#8221;.<\/p>\n<p>Luego de la lectura del Dictamen del proceso acad\u00e9mico, que result\u00f3 en la recomendaci\u00f3n del otorgamiento del T\u00edtulo de Grado a Fanjul Ortet, el Presidente de la <strong>FUTRASAFODE<\/strong>, Jos\u00e9 Luis Lingeri, comparti\u00f3 el logro obtenido y valor\u00f3 su importancia en la construcci\u00f3n del Programa Universitario.<\/p>\n<p><strong>&#8220;Nosotros desde la FUTRASAFODE y desde la organizaci\u00f3n gremial estamos pensando en el trabajador del siglo XXI&#8221;<\/strong>, manifest\u00f3 Lingeri al compartir el orgullo por el logro de un estudiante que a su vez integrante de la empresa AySA.<\/p>\n<p>Al recorrer el trayecto acad\u00e9mico que se construye desde el Sindicato para sus trabajadores y trabajadoras, Lingeri destac\u00f3 la relevancia de este paso tambi\u00e9n en el marco de la reciente creaci\u00f3n del <strong>Instituto Universitario del Agua y el Saneamiento<\/strong>.<\/p>\n<p><strong>&#8220;Es un paso fundamental y pensando en el futuro&#8221;<\/strong>, concluy\u00f3.<\/p>\n<\/div>\n<p>[\/av_textblock]<\/p>\n<p>[\/av_one_full]<\/p>\n","protected":false},"excerpt":{"rendered":"<p>[av_heading tag=&#8217;h1&#8242; padding=&#8217;10&#8217; heading=&#8217;Celebramos al primer graduado del Programa Universitario FUTRASAFODE-UNSAdA&#8217; color=&#8221; style=&#8221; custom_font=&#8221; size=&#8221; subheading_active=&#8221; subheading_size=&#8217;15&#8217; custom_class=&#8221; admin_preview_bg=&#8221;][\/av_heading] [av_hr class=&#8217;invisible&#8217; height=&#8217;50&#8217; shadow=&#8217;no-shadow&#8217; position=&#8217;center&#8217; custom_border=&#8217;av-border-thin&#8217; custom_width=&#8217;50px&#8217; custom_border_color=&#8221; custom_margin_top=&#8217;30px&#8217; custom_margin_bottom=&#8217;30px&#8217; icon_select=&#8217;yes&#8217; custom_icon_color=&#8221; icon=&#8217;ue808&#8242; font=&#8217;entypo-fontello&#8217; admin_preview_bg=&#8221;] [av_image src=&#8217;https:\/\/www.futrasafode.org\/wp-content\/uploads\/2021\/07\/Primer-Licenciado.jpg&#8217; attachment=&#8217;2257&#8242; attachment_size=&#8217;full&#8217; align=&#8217;center&#8217; styling=&#8221; hover=&#8217;av-hover-grow&#8217; link=&#8221; target=&#8221; caption=&#8221; font_size=&#8221; appearance=&#8221; overlay_opacity=&#8217;0.4&#8242; overlay_color=&#8217;#000000&#8242; overlay_text_color=&#8217;#ffffff&#8217; animation=&#8217;no-animation&#8217; admin_preview_bg=&#8221;][\/av_image] [av_one_full first min_height=&#8221; vertical_alignment=&#8221; [&hellip;]<\/p>\n","protected":false},"author":1,"featured_media":2257,"comment_status":"open","ping_status":"open","sticky":false,"template":"","format":"standard","meta":{"footnotes":""},"categories":[82],"tags":[],"class_list":["post-2256","post","type-post","status-publish","format-standard","has-post-thumbnail","hentry","category-noticias","entry","has-media"],"_links":{"self":[{"href":"https:\/\/www.futrasafode.org\/inicio\/wp-json\/wp\/v2\/posts\/2256","targetHints":{"allow":["GET"]}}],"collection":[{"href":"https:\/\/www.futrasafode.org\/inicio\/wp-json\/wp\/v2\/posts"}],"about":[{"href":"https:\/\/www.futrasafode.org\/inicio\/wp-json\/wp\/v2\/types\/post"}],"author":[{"embeddable":true,"href":"https:\/\/www.futrasafode.org\/inicio\/wp-json\/wp\/v2\/users\/1"}],"replies":[{"embeddable":true,"href":"https:\/\/www.futrasafode.org\/inicio\/wp-json\/wp\/v2\/comments?post=2256"}],"version-history":[{"count":5,"href":"https:\/\/www.futrasafode.org\/inicio\/wp-json\/wp\/v2\/posts\/2256\/revisions"}],"predecessor-version":[{"id":2263,"href":"https:\/\/www.futrasafode.org\/inicio\/wp-json\/wp\/v2\/posts\/2256\/revisions\/2263"}],"wp:featuredmedia":[{"embeddable":true,"href":"https:\/\/www.futrasafode.org\/inicio\/wp-json\/wp\/v2\/media\/2257"}],"wp:attachment":[{"href":"https:\/\/www.futrasafode.org\/inicio\/wp-json\/wp\/v2\/media?parent=2256"}],"wp:term":[{"taxonomy":"category","embeddable":true,"href":"https:\/\/www.futrasafode.org\/inicio\/wp-json\/wp\/v2\/categories?post=2256"},{"taxonomy":"post_tag","embeddable":true,"href":"https:\/\/www.futrasafode.org\/inicio\/wp-json\/wp\/v2\/tags?post=2256"}],"curies":[{"name":"wp","href":"https:\/\/api.w.org\/{rel}","templated":true}]}}