{"id":2293,"date":"2021-08-23T21:30:18","date_gmt":"2021-08-24T00:30:18","guid":{"rendered":"http:\/\/www.futrasafode.org\/inicio\/?p=2293"},"modified":"2021-08-23T21:58:59","modified_gmt":"2021-08-24T00:58:59","slug":"ccc-adm-graduado","status":"publish","type":"post","link":"https:\/\/www.futrasafode.org\/inicio\/2021\/08\/23\/ccc-adm-graduado\/","title":{"rendered":"El CCC Administraci\u00f3n suma un nuevo graduado"},"content":{"rendered":"<p>[av_textblock]<\/p>\n<p>[\/av_textblock]<\/p>\n<p>[av_heading heading=&#8217;El CCC Administraci\u00f3n suma un nuevo graduado&#8217; tag=&#8217;h1&#8242; style=&#8221; size=&#8221; subheading_active=&#8221; subheading_size=&#8217;15&#8217; padding=&#8217;10&#8217; color=&#8221; custom_font=&#8221; admin_preview_bg=&#8221;][\/av_heading]<\/p>\n<p>[av_hr class=&#8217;invisible&#8217; height=&#8217;50&#8217; shadow=&#8217;no-shadow&#8217; position=&#8217;center&#8217; custom_border=&#8217;av-border-thin&#8217; custom_width=&#8217;50px&#8217; custom_border_color=&#8221; custom_margin_top=&#8217;30px&#8217; custom_margin_bottom=&#8217;30px&#8217; icon_select=&#8217;yes&#8217; custom_icon_color=&#8221; icon=&#8217;ue808&#8242; font=&#8217;entypo-fontello&#8217; admin_preview_bg=&#8221;]<\/p>\n<p>[av_image src=&#8217;https:\/\/www.futrasafode.org\/wp-content\/uploads\/2021\/08\/Grad2.jpg&#8217; attachment=&#8217;2295&#8242; attachment_size=&#8217;full&#8217; align=&#8217;center&#8217; styling=&#8221; hover=&#8217;av-hover-grow&#8217; link=&#8221; target=&#8221; caption=&#8221; font_size=&#8221; appearance=&#8221; overlay_opacity=&#8217;0.4&#8242; overlay_color=&#8217;#000000&#8242; overlay_text_color=&#8217;#ffffff&#8217; animation=&#8217;no-animation&#8217; admin_preview_bg=&#8221;][\/av_image]<\/p>\n<p>[av_one_full first min_height=&#8221; vertical_alignment=&#8221; space=&#8221; custom_margin=&#8221; margin=&#8217;0px&#8217; padding=&#8217;0px&#8217; border=&#8221; border_color=&#8221; radius=&#8217;0px&#8217; background_color=&#8221; src=&#8221; background_position=&#8217;top left&#8217; background_repeat=&#8217;no-repeat&#8217; animation=&#8221; mobile_display=&#8221;]<\/p>\n<p>[av_hr class=&#8217;invisible&#8217; height=&#8217;50&#8217; shadow=&#8217;no-shadow&#8217; position=&#8217;center&#8217; custom_border=&#8217;av-border-thin&#8217; custom_width=&#8217;50px&#8217; custom_border_color=&#8221; custom_margin_top=&#8217;30px&#8217; custom_margin_bottom=&#8217;30px&#8217; icon_select=&#8217;yes&#8217; custom_icon_color=&#8221; icon=&#8217;ue808&#8242; font=&#8217;entypo-fontello&#8217; admin_preview_bg=&#8221;]<\/p>\n<p>[av_textblock size=&#8217;20&#8217; font_color=&#8221; color=&#8221; admin_preview_bg=&#8221;]<\/p>\n<div style=\"text-align: justify;\">\n<p><i>El Ciclo de Complementaci\u00f3n Curricular de la Licenciatura en Administraci\u00f3n sum\u00f3 un nuevo graduado. Andr\u00e9s Grubissich inici\u00f3 su cursada en marzo de 2019 y defendi\u00f3 su Trabajo Final de Grado en la Sede Acad\u00e9mica del Palacio de las Aguas el viernes 30 de julio.<\/i><\/p>\n<hr \/>\n<p>Como foco de su Trabajo Final nuestro nuevo graduado avanz\u00f3 sobre una investigaci\u00f3n relacionada con el impacto del teletrabajo, que -asegura- <em>&#8220;ha modificado rituales y rutinas en las compa\u00f1\u00edas aseguradoras de Buenos Aires, entre 2013 y el primer semestre de 2020.&#8221;<\/em><\/p>\n<p><em>&#8220;El teletrabajo ha movilizado antiguas estructuras organizacionales y ha solidificado algunas ya existentes&#8221;<\/em>, indica Grubissich en su presentaci\u00f3n, <em>&#8220;principalmente, las fundadas en relaciones informales de comunicaci\u00f3n&#8221;<\/em>. Adem\u00e1s, afirma que las nuevas condiciones laborales <em>&#8220;han inaugurado diferentes formas de interrelaci\u00f3n.&#8221;<\/em><\/p>\n<p>El Tribunal Evaluador estuvo integrado por el Director del Programa Universitario FUTRASAFODE-UNSAdA, Prof. Luis Liberman, la Coordinadora Acad\u00e9mica, Arq. Mariana Carriquiriborde, y la Coordinadora de la carrera, Lic. Fabiana Cardinale.<\/p>\n<p>Con la realizaci\u00f3n de la Defensa Oral en la Sede Acad\u00e9mica FUTRASAFODE se marc\u00f3 el reinicio de actividades acad\u00e9micas presenciales, con las medidas de cuidado sanitario requeridas a\u00fan por el contexto sanitario.<\/p>\n<\/div>\n<p>[\/av_textblock]<\/p>\n<p>[\/av_one_full]<\/p>\n","protected":false},"excerpt":{"rendered":"<p>[av_textblock] [\/av_textblock] [av_heading heading=&#8217;El CCC Administraci\u00f3n suma un nuevo graduado&#8217; tag=&#8217;h1&#8242; style=&#8221; size=&#8221; subheading_active=&#8221; subheading_size=&#8217;15&#8217; padding=&#8217;10&#8217; color=&#8221; custom_font=&#8221; admin_preview_bg=&#8221;][\/av_heading] [av_hr class=&#8217;invisible&#8217; height=&#8217;50&#8217; shadow=&#8217;no-shadow&#8217; position=&#8217;center&#8217; custom_border=&#8217;av-border-thin&#8217; custom_width=&#8217;50px&#8217; custom_border_color=&#8221; custom_margin_top=&#8217;30px&#8217; custom_margin_bottom=&#8217;30px&#8217; icon_select=&#8217;yes&#8217; custom_icon_color=&#8221; icon=&#8217;ue808&#8242; font=&#8217;entypo-fontello&#8217; admin_preview_bg=&#8221;] [av_image src=&#8217;https:\/\/www.futrasafode.org\/wp-content\/uploads\/2021\/08\/Grad2.jpg&#8217; attachment=&#8217;2295&#8242; attachment_size=&#8217;full&#8217; align=&#8217;center&#8217; styling=&#8221; hover=&#8217;av-hover-grow&#8217; link=&#8221; target=&#8221; caption=&#8221; font_size=&#8221; appearance=&#8221; overlay_opacity=&#8217;0.4&#8242; overlay_color=&#8217;#000000&#8242; overlay_text_color=&#8217;#ffffff&#8217; animation=&#8217;no-animation&#8217; admin_preview_bg=&#8221;][\/av_image] [av_one_full first min_height=&#8221; vertical_alignment=&#8221; [&hellip;]<\/p>\n","protected":false},"author":1,"featured_media":2295,"comment_status":"open","ping_status":"open","sticky":false,"template":"","format":"standard","meta":{"footnotes":""},"categories":[82],"tags":[],"class_list":["post-2293","post","type-post","status-publish","format-standard","has-post-thumbnail","hentry","category-noticias","entry","has-media"],"_links":{"self":[{"href":"https:\/\/www.futrasafode.org\/inicio\/wp-json\/wp\/v2\/posts\/2293","targetHints":{"allow":["GET"]}}],"collection":[{"href":"https:\/\/www.futrasafode.org\/inicio\/wp-json\/wp\/v2\/posts"}],"about":[{"href":"https:\/\/www.futrasafode.org\/inicio\/wp-json\/wp\/v2\/types\/post"}],"author":[{"embeddable":true,"href":"https:\/\/www.futrasafode.org\/inicio\/wp-json\/wp\/v2\/users\/1"}],"replies":[{"embeddable":true,"href":"https:\/\/www.futrasafode.org\/inicio\/wp-json\/wp\/v2\/comments?post=2293"}],"version-history":[{"count":2,"href":"https:\/\/www.futrasafode.org\/inicio\/wp-json\/wp\/v2\/posts\/2293\/revisions"}],"predecessor-version":[{"id":2419,"href":"https:\/\/www.futrasafode.org\/inicio\/wp-json\/wp\/v2\/posts\/2293\/revisions\/2419"}],"wp:featuredmedia":[{"embeddable":true,"href":"https:\/\/www.futrasafode.org\/inicio\/wp-json\/wp\/v2\/media\/2295"}],"wp:attachment":[{"href":"https:\/\/www.futrasafode.org\/inicio\/wp-json\/wp\/v2\/media?parent=2293"}],"wp:term":[{"taxonomy":"category","embeddable":true,"href":"https:\/\/www.futrasafode.org\/inicio\/wp-json\/wp\/v2\/categories?post=2293"},{"taxonomy":"post_tag","embeddable":true,"href":"https:\/\/www.futrasafode.org\/inicio\/wp-json\/wp\/v2\/tags?post=2293"}],"curies":[{"name":"wp","href":"https:\/\/api.w.org\/{rel}","templated":true}]}}