{"id":899,"date":"2020-05-06T12:33:32","date_gmt":"2020-05-06T15:33:32","guid":{"rendered":"http:\/\/www.futrasafode.org\/?p=899"},"modified":"2020-05-06T12:47:22","modified_gmt":"2020-05-06T15:47:22","slug":"workshops","status":"publish","type":"post","link":"https:\/\/www.futrasafode.org\/inicio\/2020\/05\/06\/workshops\/","title":{"rendered":"Workshops"},"content":{"rendered":"<p>[av_textblock size=&#8221; font_color=&#8221; color=&#8221; admin_preview_bg=&#8221;]<\/p>\n<h1 style=\"text-align: center;\">WORKSHOPS<\/h1>\n<p>[\/av_textblock]<\/p>\n<p>[av_toggle_container initial=&#8217;0&#8242; mode=&#8217;accordion&#8217; sort=&#8221;]<br \/>\n[av_toggle title=&#8217;Elaboraci\u00f3n de recursos: planificar y producir&#8217; tags=&#8221;]<br \/>\n<strong>Docente: Liliana Castillo <\/strong><\/p>\n<p><strong>Duraci\u00f3n: 2 encuentros<\/strong><\/p>\n<p><strong>Fechas: 1 y 8 de Octubre <\/strong><\/p>\n<p><strong>Horario: 18 a 22 hs <\/strong><\/p>\n<p>Realizar productos audiovisuales o gr\u00e1ficos con orientaci\u00f3n en educaci\u00f3n requiere del uso de herramientas de preproducci\u00f3n tales como guiones, rutinas o planificaciones globales.<\/p>\n<p>Estos recursos permiten organizar, qu\u00e9, c\u00f3mo y para qu\u00e9 producir objetos factibles de ser transferidos en entornos anal\u00f3gicos o digitales.<\/p>\n<p>En el marco de este taller vamos a abordar estas tem\u00e1ticas con un enfoque pr\u00e1cticos que faciliten su incorporaci\u00f3n en las clases.<br \/>\n[\/av_toggle]<br \/>\n[av_toggle title=&#8217;Alfabetizaci\u00f3n acad\u00e9mica y pr\u00e1cticas docentes: la lectura y la escritura universitarias&#8217; tags=&#8221;]<br \/>\n<strong>Docente: <\/strong><strong>Beatriz Hall<\/strong><\/p>\n<p><strong>Duraci\u00f3n: 2 encuentros<\/strong><\/p>\n<p><strong>Fechas: 15 y 22 de Octubre <\/strong><\/p>\n<p><strong>Horario: 18 a 22 hs <\/strong><\/p>\n<p>Este taller parte de los presupuestos que subyacen a las pr\u00e1cticas de lectura y escritura universitarias actuales.<\/p>\n<p>Para esto, se propone compartir experiencias y reflexionar acerca de la incidencia que esos presupuestos tienen en el ejercicio profesional de los participantes.<\/p>\n<p>Ser\u00e1 tambi\u00e9n objetivo central, acercar nuevos modos de leer y de escribir para que sean tenidos en cuenta como insumos de pr\u00e1cticas docentes.<br \/>\n[\/av_toggle]<br \/>\n[av_toggle title=&#8217;Oratoria y presentaciones eficaces I&#8217; tags=&#8221;]<br \/>\n<strong>Docente: Mercedes Rago <\/strong><\/p>\n<p><strong>Duraci\u00f3n: 2 encuentros<\/strong><\/p>\n<p><strong>Fechas: 29 de Octubre y 5 de Noviembre<\/strong><\/p>\n<p><strong>Horario: 18 a 22 hs <\/strong><\/p>\n<p>En este espacio nos proponemos aprender nuevas t\u00e9cnicas y estrategias para hablar en p\u00fablico y desarrollar habilidades de comunicaci\u00f3n.<\/p>\n<p>Los contenidos que trabajaremos son t\u00e9cnicas para dirigirse al p\u00fablico, an\u00e1lisis de la comunicaci\u00f3n gestual, presentaciones eficaces y din\u00e1mica de la exposici\u00f3n oral y pedag\u00f3gica, entre otras.<br \/>\n[\/av_toggle]<br \/>\n[av_toggle title=&#8217;Oratoria y presentaciones eficaces II&#8217; tags=&#8221;]<br \/>\n<strong>Docente: Mercedes Rago <\/strong><\/p>\n<p><strong>Duraci\u00f3n: 2 encuentros<\/strong><\/p>\n<p><strong>Fechas: 26 de Noviembre y 3 de Diciembre<\/strong><\/p>\n<p><strong>Horario: 18 a 22 hs <\/strong><\/p>\n<p>Desarrollaremos habilidades para la comunicaci\u00f3n a trav\u00e9s de recursos eficaces y atractivos para la comprensi\u00f3n de los temas. Motivaci\u00f3n. Orden y estilo del discursivo. Adecuaci\u00f3n del vocabulario. Dicci\u00f3n. Modulaci\u00f3n y tono voz Actitudes: posici\u00f3n, gestos, movimientos y miradas.<br \/>\n[\/av_toggle]<br \/>\n[av_toggle title=&#8217;Dise\u00f1o de instrumentos de evaluaci\u00f3n&#8217; tags=&#8221;]<br \/>\n<strong>Docente: <\/strong><strong>Adriana Gabrielli<\/strong><\/p>\n<p><strong>Duraci\u00f3n: 1 encuentro<\/strong><\/p>\n<p><strong>Fechas: 12 de Noviembre <\/strong><\/p>\n<p><strong>Horario: 18 a 22 hs <\/strong><\/p>\n<p>El prop\u00f3sito del taller es revisar diversos instrumentos de evaluaci\u00f3n, analizar sentido seg\u00fan los objetivos de ense\u00f1anza.<\/p>\n<p>Se propone tambi\u00e9n reflexionar sobre los criterios de selecci\u00f3n y calidad mismos y plantear pautas para su dise\u00f1o.<br \/>\n[\/av_toggle]<br \/>\n[av_toggle title=&#8217;Redes sociales: perfiles y gesti\u00f3n de contenidos&#8217; tags=&#8221;]<br \/>\n<strong>Docente: Liliana Castillo <\/strong><\/p>\n<p><strong>Duraci\u00f3n: 1 encuentro<\/strong><\/p>\n<p><strong>Fechas: 19 de Noviembre <\/strong><\/p>\n<p><strong>Horario: 18 a 22 hs <\/strong><\/p>\n<p>La inclusi\u00f3n de redes sociales en propuestas educativas redefine el rol docente, de cara a la visibilidad de medios masivos digitales.<\/p>\n<p>Gestionar contenidos, optar por perfiles privados o p\u00fablicos sin restricciones, definir destinatarios y modos de interpelaci\u00f3n, representan desaf\u00edos que cambian velozmente que suponen adecuar criterios y consensuar contenidos.<br \/>\n[\/av_toggle]<br \/>\n[\/av_toggle_container]<\/p>\n","protected":false},"excerpt":{"rendered":"<p>[av_textblock size=&#8221; font_color=&#8221; color=&#8221; admin_preview_bg=&#8221;] WORKSHOPS [\/av_textblock] [av_toggle_container initial=&#8217;0&#8242; mode=&#8217;accordion&#8217; sort=&#8221;] [av_toggle title=&#8217;Elaboraci\u00f3n de recursos: planificar y producir&#8217; tags=&#8221;] Docente: Liliana Castillo Duraci\u00f3n: 2 encuentros Fechas: 1 y 8 de Octubre Horario: 18 a 22 hs Realizar productos audiovisuales o gr\u00e1ficos con orientaci\u00f3n en educaci\u00f3n requiere del uso de herramientas de preproducci\u00f3n tales como guiones, [&hellip;]<\/p>\n","protected":false},"author":1,"featured_media":0,"comment_status":"open","ping_status":"open","sticky":false,"template":"","format":"standard","meta":{"footnotes":""},"categories":[57],"tags":[],"class_list":["post-899","post","type-post","status-publish","format-standard","hentry","category-formacion","entry"],"_links":{"self":[{"href":"https:\/\/www.futrasafode.org\/inicio\/wp-json\/wp\/v2\/posts\/899","targetHints":{"allow":["GET"]}}],"collection":[{"href":"https:\/\/www.futrasafode.org\/inicio\/wp-json\/wp\/v2\/posts"}],"about":[{"href":"https:\/\/www.futrasafode.org\/inicio\/wp-json\/wp\/v2\/types\/post"}],"author":[{"embeddable":true,"href":"https:\/\/www.futrasafode.org\/inicio\/wp-json\/wp\/v2\/users\/1"}],"replies":[{"embeddable":true,"href":"https:\/\/www.futrasafode.org\/inicio\/wp-json\/wp\/v2\/comments?post=899"}],"version-history":[{"count":4,"href":"https:\/\/www.futrasafode.org\/inicio\/wp-json\/wp\/v2\/posts\/899\/revisions"}],"predecessor-version":[{"id":905,"href":"https:\/\/www.futrasafode.org\/inicio\/wp-json\/wp\/v2\/posts\/899\/revisions\/905"}],"wp:attachment":[{"href":"https:\/\/www.futrasafode.org\/inicio\/wp-json\/wp\/v2\/media?parent=899"}],"wp:term":[{"taxonomy":"category","embeddable":true,"href":"https:\/\/www.futrasafode.org\/inicio\/wp-json\/wp\/v2\/categories?post=899"},{"taxonomy":"post_tag","embeddable":true,"href":"https:\/\/www.futrasafode.org\/inicio\/wp-json\/wp\/v2\/tags?post=899"}],"curies":[{"name":"wp","href":"https:\/\/api.w.org\/{rel}","templated":true}]}}